{"id":2045,"date":"2023-12-28T16:04:02","date_gmt":"2023-12-28T15:04:02","guid":{"rendered":"http:\/\/imzxhvp.cluster028.hosting.ovh.net\/?p=2045"},"modified":"2024-01-09T20:14:09","modified_gmt":"2024-01-09T19:14:09","slug":"histoire-de-lemfv","status":"publish","type":"post","link":"https:\/\/emfv-claix.fr\/index.php\/2023\/12\/28\/histoire-de-lemfv\/","title":{"rendered":"Histoire de l&rsquo;EMFV"},"content":{"rendered":"\n<p class=\"has-theme-palette-1-color has-text-color has-link-color has-medium-font-size wp-elements-867a6b34b00ea0f66d0935f09993754d\">C\u2019est en 1993\u00a0que l\u2019Espace Musical Fernand Veyret a vu le jour sous sa forme actuelle d\u2019\u00e9cole de musique.<\/p>\n\n\n\n<p class=\"has-small-font-size\">Association de type loi 1901, l\u2019E.M.F.V. fonctionne \u00e0 partir d\u2019un&nbsp;budget constitu\u00e9 pour les deux tiers des cotisations de ses adh\u00e9rents, et pour un tiers des subventions.<\/p>\n\n\n\n<p class=\"has-small-font-size\">Sa vocation premi\u00e8re est d\u2019apporter aux adh\u00e9rents, dans un esprit d\u2019\u00e9changes et de convivialit\u00e9, une culture et une formation musicale de qualit\u00e9, marqu\u00e9es par la diversit\u00e9 des r\u00e9pertoires et esth\u00e9tiques abord\u00e9s (baroque, classique, contemporain, jazz, traditionnelle, musiques actuelles, musiques du monde\u2026). Depuis, l\u2019\u00e9cole de musique n\u2019a cess\u00e9 d\u2019\u00e9voluer.<\/p>\n\n\n\n<p class=\"has-small-font-size\">\u00c9tablissement culturel \u00e0 part enti\u00e8re, l\u2019E.M.F.V. constitue un p\u00f4le fort d\u2019activit\u00e9s comme centre de ressource, de diffusion et de cr\u00e9ation artistique. L\u2019Espace Musical Fernand Veyret a notamment pour vocation de r\u00e9pondre directement ou en partenariat avec d\u2019autres institutions \u00e0 une demande de plus en plus diversifi\u00e9e. Sa mission fondamentale de formation n\u2019a cess\u00e9 de s\u2019\u00e9largir, notamment en milieu scolaire. Nous assumons une r\u00e9elle mission de service public en \u0153uvrant pour la d\u00e9mocratisation de l\u2019enseignement musical et par l\u2019accueil de tous les publics.<\/p>\n\n\n\n<p class=\"has-small-font-size\">Pour l\u2019E.M.F.V., assumer une mission de service public c\u2019est avoir comme pr\u00e9occupation constante de d\u00e9velopper l\u2019acc\u00e8s \u00e0 la culture pour tous sans jamais perdre de vue que les in\u00e9galit\u00e9s sociales et culturelles peuvent \u00eatre un frein \u00e0 la pratique de la musique. Surmonter ces obstacles est un de nos objectifs permanents.<\/p>\n\n\n\n<p class=\"has-small-font-size\">Aujourd\u2019hui, l\u2019E.M.F.V. accueille 420 \u00e9l\u00e8ves, encadr\u00e9s par 28 enseignants. Depuis septembre 2003, l\u2019\u00e9cole de musique est dirig\u00e9e par Mazdak KAFA\u00cf. R\u00e9unie autour de son directeur, l\u2019\u00e9quipe p\u00e9dagogique participe \u00e0 l\u2019\u00e9laboration des actions, des projets ainsi qu\u2019\u00e0 l\u2019animation de la vie culturelle locale. Le projet p\u00e9dagogique de l\u2019E.M.F.V. accorde la priorit\u00e9 aux pratiques collectives.<\/p>\n\n\n\n<p class=\"has-small-font-size\">Par ses auditions mensuelles, ses multiples concerts (ensembles musicaux de l\u2019\u00e9cole, enseignants), sa Quinzaine Musicale, l\u2019E.M.F.V. est un acteur incontournable de la vie culturelle de la Commune de Claix et de ses environs.<\/p>\n\n\n\n<p class=\"has-small-font-size\">Une Convention d\u2019objectifs et de moyens r\u00e9unit l\u2019Espace Musical Fernand Veyret et la Ville de Claix.<\/p>\n\n\n\n<p class=\"has-small-font-size\">Depuis f\u00e9vrier 2016, l\u2019Espace Musical Fernand Veyret de Claix et le Centre d\u2019Education Musicale de Seyssins sont engag\u00e9s dans un partenariat renforc\u00e9. Cela se traduit par une direction commune assure par Mazdak KAFA\u00cf, des enseignants communs, des cours et des pratiques collectives partag\u00e9s, des projets et des concerts communs.<\/p>\n\n\n\n<p class=\"has-theme-palette-1-color has-text-color has-link-color has-small-font-size wp-elements-124f9b3f47e6ffa9407380fd0853330c\">L\u2019Espace Musical Fernand Veyret et le Centre d\u2019Education Musicale sont \u00e0 l\u2019origine de la cr\u00e9ation du premier Groupement d\u2019Employeurs dans le secteur de l\u2019enseignement musical en Is\u00e8re.<\/p>\n\n\n\n<p class=\"has-small-font-size\">D\u00e9nomm\u00e9 Groupement d\u2019Enseignement Musical Comboire, ce Groupement d\u2019Employeurs sera rejoint \u00e0 l\u2019automne 2017 par l\u2019Association Musicale de Vif. Le Groupement d\u2019Enseignement Musical Comboire repr\u00e9sentera ainsi pr\u00e8s de 900 \u00e9l\u00e8ves, 63 enseignants, un p\u00f4le administratif et de direction.<\/p>\n\n\n\n<p class=\"has-small-font-size\">Enfin, une coop\u00e9ration avec la Commune de Varces permet une politique tarifaire sp\u00e9cifique pour les administr\u00e9s var\u00e7ois afin qu\u2019ils puissent b\u00e9n\u00e9ficier des prestations de l\u2019E.M.F.V. Enfin, la Commune de Saint Paul de Varces et l\u2019E.M.F.V. collaborent sur le plan de l\u2019intervention en Milieu Scolaire.<\/p>\n","protected":false},"excerpt":{"rendered":"<p>C\u2019est en 1993\u00a0que l\u2019Espace Musical Fernand Veyret a vu le jour sous sa forme actuelle d\u2019\u00e9cole de musique. Association de type loi 1901, l\u2019E.M.F.V. fonctionne \u00e0 partir d\u2019un&nbsp;budget constitu\u00e9 pour les deux tiers des cotisations de ses adh\u00e9rents, et pour un tiers des subventions. Sa vocation premi\u00e8re est d\u2019apporter aux adh\u00e9rents, dans un esprit d\u2019\u00e9changes&#8230;<\/p>\n","protected":false},"author":4,"featured_media":1927,"comment_status":"open","ping_status":"open","sticky":false,"template":"","format":"standard","meta":{"_monsterinsights_skip_tracking":false,"_monsterinsights_sitenote_active":false,"_monsterinsights_sitenote_note":"","_monsterinsights_sitenote_category":0,"_kadence_starter_templates_imported_post":false,"_kad_post_transparent":"","_kad_post_title":"","_kad_post_layout":"","_kad_post_sidebar_id":"","_kad_post_content_style":"","_kad_post_vertical_padding":"","_kad_post_feature":"","_kad_post_feature_position":"","_kad_post_header":false,"_kad_post_footer":false,"footnotes":""},"categories":[8],"tags":[],"class_list":["post-2045","post","type-post","status-publish","format-standard","has-post-thumbnail","hentry","category-histoire-de-lemfv"],"_links":{"self":[{"href":"https:\/\/emfv-claix.fr\/index.php\/wp-json\/wp\/v2\/posts\/2045","targetHints":{"allow":["GET"]}}],"collection":[{"href":"https:\/\/emfv-claix.fr\/index.php\/wp-json\/wp\/v2\/posts"}],"about":[{"href":"https:\/\/emfv-claix.fr\/index.php\/wp-json\/wp\/v2\/types\/post"}],"author":[{"embeddable":true,"href":"https:\/\/emfv-claix.fr\/index.php\/wp-json\/wp\/v2\/users\/4"}],"replies":[{"embeddable":true,"href":"https:\/\/emfv-claix.fr\/index.php\/wp-json\/wp\/v2\/comments?post=2045"}],"version-history":[{"count":3,"href":"https:\/\/emfv-claix.fr\/index.php\/wp-json\/wp\/v2\/posts\/2045\/revisions"}],"predecessor-version":[{"id":2079,"href":"https:\/\/emfv-claix.fr\/index.php\/wp-json\/wp\/v2\/posts\/2045\/revisions\/2079"}],"wp:featuredmedia":[{"embeddable":true,"href":"https:\/\/emfv-claix.fr\/index.php\/wp-json\/wp\/v2\/media\/1927"}],"wp:attachment":[{"href":"https:\/\/emfv-claix.fr\/index.php\/wp-json\/wp\/v2\/media?parent=2045"}],"wp:term":[{"taxonomy":"category","embeddable":true,"href":"https:\/\/emfv-claix.fr\/index.php\/wp-json\/wp\/v2\/categories?post=2045"},{"taxonomy":"post_tag","embeddable":true,"href":"https:\/\/emfv-claix.fr\/index.php\/wp-json\/wp\/v2\/tags?post=2045"}],"curies":[{"name":"wp","href":"https:\/\/api.w.org\/{rel}","templated":true}]}}